{"id":71,"date":"2019-01-23T13:30:49","date_gmt":"2019-01-23T12:30:49","guid":{"rendered":"https:\/\/www.e-cesty.cz\/blog\/?p=71"},"modified":"2019-01-23T13:30:49","modified_gmt":"2019-01-23T12:30:49","slug":"udelejte-radost-svym-detem-a-jedte-do-disneylandu","status":"publish","type":"post","link":"https:\/\/www.e-cesty.cz\/blog\/2019\/01\/udelejte-radost-svym-detem-a-jedte-do-disneylandu\/","title":{"rendered":"Ud\u011blejte radost sv\u00fdm d\u011btem a je\u010fte do Disneylandu"},"content":{"rendered":"<p><img loading=\"lazy\" decoding=\"async\" class=\"alignnone size-full wp-image-72\" src=\"https:\/\/www.e-cesty.cz\/blog\/wp-content\/uploads\/2019\/01\/udelejte-radost-svym-detem-a-jedte-do-disneylandu.jpg\" alt=\"\" width=\"750\" height=\"1000\" \/><\/p>\n<p><a href=\"https:\/\/www.e-cesty.cz\/zajezd\/disneyland-a-pariz-2731\">Disneyland a Pa\u0159\u00ed\u017e<\/a> v term\u00ednu 13.4. (So) &#8211; 14.4. (Ne), 2 dny se sn\u00eddan\u00ed za <a href=\"https:\/\/www.e-cesty.cz\/zajezd\/disneyland-a-pariz-2731\/527253\">4.490,-<\/a>.<\/p>\n<p><strong>Program z\u00e1jezdu<\/strong><br \/>\n1. den:<br \/>\nv pozdn\u00edch odpoledn\u00edch hodin\u00e1ch odjezd z \u010cR, no\u010dn\u00ed p\u0159ejezd do Francie.<\/p>\n<p>2. den:<br \/>\nr\u00e1no p\u0159\u00edjezd do Pa\u0159\u00ed\u017ee, program s pr\u016fvodcem, p\u011b\u0161\u00ed proch\u00e1zka kolem nejzn\u00e1m\u011bj\u0161\u00edch centr\u00e1ln\u00edch pa\u0159\u00ed\u017esk\u00fdch pam\u00e1tek (Notre-Dame, Louvre, Place de la Concorde, Champs-\u00c9lys\u00e9es, V\u00edt\u011bzn\u00fd oblouk, Martova pole, Eiffelova v\u011b\u017e \u2013 individu\u00e1ln\u011b mo\u017enost n\u00e1v\u0161t\u011bvy n\u011bkter\u00e9ho z muze\u00ed \u010di galeri\u00ed), fakultativn\u011b proj\u00ed\u017e\u010fka lod\u00ed po Sein\u011b. V pozdn\u00edch odpoledn\u00edch hodin\u00e1ch p\u0159ejezd na ubytov\u00e1n\u00ed, nocleh.<\/p>\n<p>3. den:<br \/>\npo sn\u00eddani odjezd do Disneylandu \u2013 celodenn\u00ed individu\u00e1ln\u00ed volno v z\u00e1bavn\u00edm parku. Vstupn\u00e9 do obou \u010d\u00e1st\u00ed Disneylandu umo\u017e\u0148uje vyu\u017eit\u00ed v\u0161ech dostupn\u00fdch atrakc\u00ed a n\u00e1v\u0161t\u011bvu studi\u00ed Walt Disney Studios. Odjezd z Disneylandu dle aktu\u00e1ln\u00edho programu parku v pozdn\u00edch ve\u010dern\u00edch hodin\u00e1ch.<\/p>\n<p>4. den:<br \/>\np\u0159\u00edjezd do \u010cR v dopoledn\u00edch hodin\u00e1ch.<\/p>\n","protected":false},"excerpt":{"rendered":"<p>Disneyland a Pa\u0159\u00ed\u017e v term\u00ednu 13.4. (So) &#8211; 14.4. (Ne), 2 dny se sn\u00eddan\u00ed za 4.490,-. Program z\u00e1jezdu 1. den: v pozdn\u00edch odpoledn\u00edch hodin\u00e1ch odjezd z \u010cR, no\u010dn\u00ed p\u0159ejezd do Francie. 2. den: r\u00e1no p\u0159\u00edjezd do Pa\u0159\u00ed\u017ee, program s pr\u016fvodcem, p\u011b\u0161\u00ed proch\u00e1zka kolem nejzn\u00e1m\u011bj\u0161\u00edch centr\u00e1ln\u00edch pa\u0159\u00ed\u017esk\u00fdch pam\u00e1tek (Notre-Dame, Louvre, Place de la Concorde, Champs-\u00c9lys\u00e9es, V\u00edt\u011bzn\u00fd &hellip; <a href=\"https:\/\/www.e-cesty.cz\/blog\/2019\/01\/udelejte-radost-svym-detem-a-jedte-do-disneylandu\/\" class=\"more-link\">Pokra\u010dov\u00e1n\u00ed textu <span class=\"screen-reader-text\">Ud\u011blejte radost sv\u00fdm d\u011btem a je\u010fte do Disneylandu<\/span><\/a><\/p>\n","protected":false},"author":2,"featured_media":0,"comment_status":"closed","ping_status":"closed","sticky":false,"template":"","format":"standard","meta":{"footnotes":""},"categories":[6],"tags":[],"class_list":["post-71","post","type-post","status-publish","format-standard","hentry","category-nabidky"],"_links":{"self":[{"href":"https:\/\/www.e-cesty.cz\/blog\/wp-json\/wp\/v2\/posts\/71","targetHints":{"allow":["GET"]}}],"collection":[{"href":"https:\/\/www.e-cesty.cz\/blog\/wp-json\/wp\/v2\/posts"}],"about":[{"href":"https:\/\/www.e-cesty.cz\/blog\/wp-json\/wp\/v2\/types\/post"}],"author":[{"embeddable":true,"href":"https:\/\/www.e-cesty.cz\/blog\/wp-json\/wp\/v2\/users\/2"}],"replies":[{"embeddable":true,"href":"https:\/\/www.e-cesty.cz\/blog\/wp-json\/wp\/v2\/comments?post=71"}],"version-history":[{"count":1,"href":"https:\/\/www.e-cesty.cz\/blog\/wp-json\/wp\/v2\/posts\/71\/revisions"}],"predecessor-version":[{"id":73,"href":"https:\/\/www.e-cesty.cz\/blog\/wp-json\/wp\/v2\/posts\/71\/revisions\/73"}],"wp:attachment":[{"href":"https:\/\/www.e-cesty.cz\/blog\/wp-json\/wp\/v2\/media?parent=71"}],"wp:term":[{"taxonomy":"category","embeddable":true,"href":"https:\/\/www.e-cesty.cz\/blog\/wp-json\/wp\/v2\/categories?post=71"},{"taxonomy":"post_tag","embeddable":true,"href":"https:\/\/www.e-cesty.cz\/blog\/wp-json\/wp\/v2\/tags?post=71"}],"curies":[{"name":"wp","href":"https:\/\/api.w.org\/{rel}","templated":true}]}}