{"id":59,"date":"2017-06-13T09:13:24","date_gmt":"2017-06-13T07:13:24","guid":{"rendered":"https:\/\/www.e-cesty.cz\/blog\/?p=59"},"modified":"2017-06-13T09:13:24","modified_gmt":"2017-06-13T07:13:24","slug":"relaxacni-vikend-rajecke-teplice","status":"publish","type":"post","link":"https:\/\/www.e-cesty.cz\/blog\/2017\/06\/relaxacni-vikend-rajecke-teplice\/","title":{"rendered":"Relaxa\u010dn\u00ed v\u00edkend Rajeck\u00e9 Teplice"},"content":{"rendered":"<p><img loading=\"lazy\" decoding=\"async\" class=\"alignnone size-full wp-image-60\" src=\"https:\/\/www.e-cesty.cz\/blog\/wp-content\/uploads\/2017\/06\/relaxacni-vikend-rajecke-teplice.jpg\" alt=\"\" width=\"680\" height=\"553\" \/><\/p>\n<p>Odpo\u010di\u0148te si v l\u00e1zn\u00edch na <a href=\"https:\/\/www.e-cesty.cz\/slovensko\">Slovensku<\/a>, Rajeck\u00e9 Teplice v term\u00ednu 16.6. &#8211; 18.6.2017 s <strong>polopenz\u00ed<\/strong> za <a href=\"https:\/\/www.e-cesty.cz\/zajezd\/rajecke-teplice-vikend-relax-classic-1737\/465508\">3.990,-<\/a>.<\/p>\n<p>Slovensk\u00e9 l\u00e1zn\u011b <a href=\"https:\/\/www.e-cesty.cz\/zajezd\/rajecke-teplice-vikend-relax-classic-1737\">Rajeck\u00e9 Teplice<\/a> le\u017e\u00ed uprost\u0159ed jehli\u010dnat\u00fdch les\u016f <strong>Str\u00e1\u017eovsk\u00fdch vrch\u016f<\/strong> a <strong>Mal\u00e9 Fatry<\/strong>. Term\u00e1ln\u00ed prameny s teplotou 38\u00b0C jsou zn\u00e1my pro sv\u00e9 l\u00e9\u010div\u00e9 \u00fa\u010dinky. Objekt vytv\u00e1\u0159\u00ed ide\u00e1ln\u00ed podm\u00ednky ke str\u00e1ven\u00ed aktivn\u00edho odpo\u010dinku a regeneraci pohybov\u00fdch schopnost\u00ed.<\/p>\n<p>L\u00e1ze\u0148sk\u00fd d\u016fm Aphrodite se nach\u00e1z\u00ed ve st\u0159edu m\u011bste\u010dka, kde se nach\u00e1z\u00ed 2 term\u00e1ln\u00ed venkovn\u00ed baz\u00e9ny, dal\u0161\u00ed baz\u00e9ny lze nav\u0161t\u00edvit ve vzd\u00e1lenosti 7 kilometr\u016f. L\u00e1ze\u0148sk\u00fd d\u016fm Mal\u00e1 Fatra *** se nach\u00e1z\u00ed cca 60 m.<\/p>\n<p>V okol\u00ed \u0159ada mo\u017enost\u00ed kam se vydat na v\u00fdlet, lze nav\u0161t\u00edvit <strong>hrad Likava<\/strong>, Rajeck\u00e1 Lesn\u00e1, \u010ci\u010dmany nebo m\u011bsto \u017dilina.<\/p>\n","protected":false},"excerpt":{"rendered":"<p>Odpo\u010di\u0148te si v l\u00e1zn\u00edch na Slovensku, Rajeck\u00e9 Teplice v term\u00ednu 16.6. &#8211; 18.6.2017 s polopenz\u00ed za 3.990,-. Slovensk\u00e9 l\u00e1zn\u011b Rajeck\u00e9 Teplice le\u017e\u00ed uprost\u0159ed jehli\u010dnat\u00fdch les\u016f Str\u00e1\u017eovsk\u00fdch vrch\u016f a Mal\u00e9 Fatry. Term\u00e1ln\u00ed prameny s teplotou 38\u00b0C jsou zn\u00e1my pro sv\u00e9 l\u00e9\u010div\u00e9 \u00fa\u010dinky. Objekt vytv\u00e1\u0159\u00ed ide\u00e1ln\u00ed podm\u00ednky ke str\u00e1ven\u00ed aktivn\u00edho odpo\u010dinku a regeneraci pohybov\u00fdch schopnost\u00ed. L\u00e1ze\u0148sk\u00fd d\u016fm &hellip; <a href=\"https:\/\/www.e-cesty.cz\/blog\/2017\/06\/relaxacni-vikend-rajecke-teplice\/\" class=\"more-link\">Pokra\u010dov\u00e1n\u00ed textu <span class=\"screen-reader-text\">Relaxa\u010dn\u00ed v\u00edkend Rajeck\u00e9 Teplice<\/span><\/a><\/p>\n","protected":false},"author":2,"featured_media":0,"comment_status":"closed","ping_status":"closed","sticky":false,"template":"","format":"standard","meta":{"footnotes":""},"categories":[4],"tags":[],"class_list":["post-59","post","type-post","status-publish","format-standard","hentry","category-last-minute-a-jine"],"_links":{"self":[{"href":"https:\/\/www.e-cesty.cz\/blog\/wp-json\/wp\/v2\/posts\/59","targetHints":{"allow":["GET"]}}],"collection":[{"href":"https:\/\/www.e-cesty.cz\/blog\/wp-json\/wp\/v2\/posts"}],"about":[{"href":"https:\/\/www.e-cesty.cz\/blog\/wp-json\/wp\/v2\/types\/post"}],"author":[{"embeddable":true,"href":"https:\/\/www.e-cesty.cz\/blog\/wp-json\/wp\/v2\/users\/2"}],"replies":[{"embeddable":true,"href":"https:\/\/www.e-cesty.cz\/blog\/wp-json\/wp\/v2\/comments?post=59"}],"version-history":[{"count":1,"href":"https:\/\/www.e-cesty.cz\/blog\/wp-json\/wp\/v2\/posts\/59\/revisions"}],"predecessor-version":[{"id":61,"href":"https:\/\/www.e-cesty.cz\/blog\/wp-json\/wp\/v2\/posts\/59\/revisions\/61"}],"wp:attachment":[{"href":"https:\/\/www.e-cesty.cz\/blog\/wp-json\/wp\/v2\/media?parent=59"}],"wp:term":[{"taxonomy":"category","embeddable":true,"href":"https:\/\/www.e-cesty.cz\/blog\/wp-json\/wp\/v2\/categories?post=59"},{"taxonomy":"post_tag","embeddable":true,"href":"https:\/\/www.e-cesty.cz\/blog\/wp-json\/wp\/v2\/tags?post=59"}],"curies":[{"name":"wp","href":"https:\/\/api.w.org\/{rel}","templated":true}]}}